{"id":2876,"date":"2016-06-14T15:15:21","date_gmt":"2016-06-14T15:15:21","guid":{"rendered":"http:\/\/nixe-demo1.rtthemes.com\/?p=2876"},"modified":"2025-04-18T09:56:26","modified_gmt":"2025-04-18T09:56:26","slug":"fusce-mattis-lacus-blandit-convallis","status":"publish","type":"post","link":"https:\/\/soleil-marbella.com\/it\/fusce-mattis-lacus-blandit-convallis\/","title":{"rendered":"Casco Antiguo \u2013 cuore storico di Marbella"},"content":{"rendered":"<p>Il centro storico di Marbella (Casco Antiguo) \u00e8 il cuore storico e suggestivo della citt\u00e0. \u00c8 caratterizzata da strade strette e tortuose, fiancheggiate da case imbiancate a calce e fiori colorati sui balconi, con la famosa Plaza de los Naranjos (Piazza degli Aranci) come centro vivace. \u00c8 un luogo incantevole, ricco di boutique, bar di tapas e ristoranti, dove potrete immergervi nell&#039;autentica atmosfera andalusa, lontano dal caos e dalla frenesia della costa.<\/p>\n\n\n<p><\/p>","protected":false},"excerpt":{"rendered":"<p>Il centro storico di Marbella (Casco Antiguo) \u00e8 il cuore storico e suggestivo della citt\u00e0. \u00c8 caratterizzata da strade strette e tortuose, fiancheggiate da case imbiancate a calce e fiori colorati sui balconi, con la famosa Plaza de los Naranjos (Piazza degli Aranci) come centro vivace. \u00c8 un luogo incantevole, pieno di boutique, bar di tapas e ristoranti dove puoi... <a class=\"more-link\" href=\"https:\/\/soleil-marbella.com\/it\/fusce-mattis-lacus-blandit-convallis\/\">Continua a leggere<\/a><\/p>","protected":false},"author":4,"featured_media":4252,"comment_status":"closed","ping_status":"open","sticky":false,"template":"","format":"gallery","meta":{"footnotes":""},"categories":[8],"tags":[],"class_list":["post-2876","post","type-post","status-publish","format-gallery","has-post-thumbnail","hentry","category-news","post_format-post-format-gallery"],"yoast_head":"<!-- This site is optimized with the Yoast SEO plugin v26.0 - https:\/\/yoast.com\/wordpress\/plugins\/seo\/ -->\n<title>Casco Antiguo - historisch hart Marbella - Soleil Marbella<\/title>\n<meta name=\"robots\" content=\"index, follow, max-snippet:-1, max-image-preview:large, max-video-preview:-1\" \/>\n<link rel=\"canonical\" href=\"https:\/\/soleil-marbella.com\/it\/fusce-mattis-lacus-blandit-convallis\/\" \/>\n<meta property=\"og:locale\" content=\"it_IT\" \/>\n<meta property=\"og:type\" content=\"article\" \/>\n<meta property=\"og:title\" content=\"Casco Antiguo - historisch hart Marbella - Soleil Marbella\" \/>\n<meta property=\"og:description\" content=\"Het oude centrum van Marbella (Casco Antiguo) is het sfeervolle, historische hart van de stad. Het wordt gekenmerkt door smalle, kronkelende straatjes met witgekalkte huizen en kleurrijke bloemen op de balkons, met als bruisend middelpunt het beroemde Plaza de los Naranjos (Sinaasappelplein). Het is een charmante plek vol boetiekjes, tapasbars en restaurants waar je de [&hellip;]\" \/>\n<meta property=\"og:url\" content=\"https:\/\/soleil-marbella.com\/it\/fusce-mattis-lacus-blandit-convallis\/\" \/>\n<meta property=\"og:site_name\" content=\"Soleil Marbella\" \/>\n<meta property=\"article:published_time\" content=\"2016-06-14T15:15:21+00:00\" \/>\n<meta property=\"article:modified_time\" content=\"2025-04-18T09:56:26+00:00\" \/>\n<meta property=\"og:image\" content=\"https:\/\/soleil-marbella.com\/wp-content\/uploads\/sites\/50\/2016\/06\/marbella-centro.jpg\" \/>\n\t<meta property=\"og:image:width\" content=\"950\" \/>\n\t<meta property=\"og:image:height\" content=\"676\" \/>\n\t<meta property=\"og:image:type\" content=\"image\/jpeg\" \/>\n<meta name=\"twitter:card\" content=\"summary_large_image\" \/>\n<meta name=\"twitter:label1\" content=\"Scritto da\" \/>\n\t<meta name=\"twitter:data1\" content=\"\" \/>\n\t<meta name=\"twitter:label2\" content=\"Tempo di lettura stimato\" \/>\n\t<meta name=\"twitter:data2\" content=\"1 minuto\" \/>\n<script type=\"application\/ld+json\" class=\"yoast-schema-graph\">{\"@context\":\"https:\/\/schema.org\",\"@graph\":[{\"@type\":\"WebPage\",\"@id\":\"https:\/\/soleil-marbella.com\/fusce-mattis-lacus-blandit-convallis\/\",\"url\":\"https:\/\/soleil-marbella.com\/fusce-mattis-lacus-blandit-convallis\/\",\"name\":\"Casco Antiguo - historisch hart Marbella - Soleil Marbella\",\"isPartOf\":{\"@id\":\"https:\/\/soleil-marbella.com\/#website\"},\"primaryImageOfPage\":{\"@id\":\"https:\/\/soleil-marbella.com\/fusce-mattis-lacus-blandit-convallis\/#primaryimage\"},\"image\":{\"@id\":\"https:\/\/soleil-marbella.com\/fusce-mattis-lacus-blandit-convallis\/#primaryimage\"},\"thumbnailUrl\":\"https:\/\/soleil-marbella.com\/wp-content\/uploads\/sites\/50\/2016\/06\/marbella-centro.jpg\",\"datePublished\":\"2016-06-14T15:15:21+00:00\",\"dateModified\":\"2025-04-18T09:56:26+00:00\",\"author\":{\"@id\":\"\"},\"breadcrumb\":{\"@id\":\"https:\/\/soleil-marbella.com\/fusce-mattis-lacus-blandit-convallis\/#breadcrumb\"},\"inLanguage\":\"it-IT\",\"potentialAction\":[{\"@type\":\"ReadAction\",\"target\":[\"https:\/\/soleil-marbella.com\/fusce-mattis-lacus-blandit-convallis\/\"]}]},{\"@type\":\"ImageObject\",\"inLanguage\":\"it-IT\",\"@id\":\"https:\/\/soleil-marbella.com\/fusce-mattis-lacus-blandit-convallis\/#primaryimage\",\"url\":\"https:\/\/soleil-marbella.com\/wp-content\/uploads\/sites\/50\/2016\/06\/marbella-centro.jpg\",\"contentUrl\":\"https:\/\/soleil-marbella.com\/wp-content\/uploads\/sites\/50\/2016\/06\/marbella-centro.jpg\",\"width\":950,\"height\":676,\"caption\":\"Marbella Centrum\"},{\"@type\":\"BreadcrumbList\",\"@id\":\"https:\/\/soleil-marbella.com\/fusce-mattis-lacus-blandit-convallis\/#breadcrumb\",\"itemListElement\":[{\"@type\":\"ListItem\",\"position\":1,\"name\":\"Home\",\"item\":\"https:\/\/soleil-marbella.com\/\"},{\"@type\":\"ListItem\",\"position\":2,\"name\":\"Casco Antiguo &#8211; historisch hart Marbella\"}]},{\"@type\":\"WebSite\",\"@id\":\"https:\/\/soleil-marbella.com\/#website\",\"url\":\"https:\/\/soleil-marbella.com\/\",\"name\":\"Soleil Marbella\",\"description\":\"Uitzonderlijk wonen in Marbella\",\"potentialAction\":[{\"@type\":\"SearchAction\",\"target\":{\"@type\":\"EntryPoint\",\"urlTemplate\":\"https:\/\/soleil-marbella.com\/?s={search_term_string}\"},\"query-input\":{\"@type\":\"PropertyValueSpecification\",\"valueRequired\":true,\"valueName\":\"search_term_string\"}}],\"inLanguage\":\"it-IT\"},{\"@type\":\"Person\",\"@id\":\"\",\"url\":\"https:\/\/soleil-marbella.com\/it\/author\/\"}]}<\/script>\n<!-- \/ Yoast SEO plugin. -->","yoast_head_json":{"title":"Casco Antiguo - cuore storico di Marbella - Soleil Marbella","robots":{"index":"index","follow":"follow","max-snippet":"max-snippet:-1","max-image-preview":"max-image-preview:large","max-video-preview":"max-video-preview:-1"},"canonical":"https:\/\/soleil-marbella.com\/it\/fusce-mattis-lacus-blandit-convallis\/","og_locale":"it_IT","og_type":"article","og_title":"Casco Antiguo - historisch hart Marbella - Soleil Marbella","og_description":"Het oude centrum van Marbella (Casco Antiguo) is het sfeervolle, historische hart van de stad. Het wordt gekenmerkt door smalle, kronkelende straatjes met witgekalkte huizen en kleurrijke bloemen op de balkons, met als bruisend middelpunt het beroemde Plaza de los Naranjos (Sinaasappelplein). Het is een charmante plek vol boetiekjes, tapasbars en restaurants waar je de [&hellip;]","og_url":"https:\/\/soleil-marbella.com\/it\/fusce-mattis-lacus-blandit-convallis\/","og_site_name":"Soleil Marbella","article_published_time":"2016-06-14T15:15:21+00:00","article_modified_time":"2025-04-18T09:56:26+00:00","og_image":[{"width":950,"height":676,"url":"https:\/\/soleil-marbella.com\/wp-content\/uploads\/sites\/50\/2016\/06\/marbella-centro.jpg","type":"image\/jpeg"}],"twitter_card":"summary_large_image","twitter_misc":{"Scritto da":"","Tempo di lettura stimato":"1 minuto"},"schema":{"@context":"https:\/\/schema.org","@graph":[{"@type":"WebPage","@id":"https:\/\/soleil-marbella.com\/fusce-mattis-lacus-blandit-convallis\/","url":"https:\/\/soleil-marbella.com\/fusce-mattis-lacus-blandit-convallis\/","name":"Casco Antiguo - cuore storico di Marbella - Soleil Marbella","isPartOf":{"@id":"https:\/\/soleil-marbella.com\/#website"},"primaryImageOfPage":{"@id":"https:\/\/soleil-marbella.com\/fusce-mattis-lacus-blandit-convallis\/#primaryimage"},"image":{"@id":"https:\/\/soleil-marbella.com\/fusce-mattis-lacus-blandit-convallis\/#primaryimage"},"thumbnailUrl":"https:\/\/soleil-marbella.com\/wp-content\/uploads\/sites\/50\/2016\/06\/marbella-centro.jpg","datePublished":"2016-06-14T15:15:21+00:00","dateModified":"2025-04-18T09:56:26+00:00","author":{"@id":""},"breadcrumb":{"@id":"https:\/\/soleil-marbella.com\/fusce-mattis-lacus-blandit-convallis\/#breadcrumb"},"inLanguage":"it-IT","potentialAction":[{"@type":"ReadAction","target":["https:\/\/soleil-marbella.com\/fusce-mattis-lacus-blandit-convallis\/"]}]},{"@type":"ImageObject","inLanguage":"it-IT","@id":"https:\/\/soleil-marbella.com\/fusce-mattis-lacus-blandit-convallis\/#primaryimage","url":"https:\/\/soleil-marbella.com\/wp-content\/uploads\/sites\/50\/2016\/06\/marbella-centro.jpg","contentUrl":"https:\/\/soleil-marbella.com\/wp-content\/uploads\/sites\/50\/2016\/06\/marbella-centro.jpg","width":950,"height":676,"caption":"Marbella Centrum"},{"@type":"BreadcrumbList","@id":"https:\/\/soleil-marbella.com\/fusce-mattis-lacus-blandit-convallis\/#breadcrumb","itemListElement":[{"@type":"ListItem","position":1,"name":"Home","item":"https:\/\/soleil-marbella.com\/"},{"@type":"ListItem","position":2,"name":"Casco Antiguo &#8211; historisch hart Marbella"}]},{"@type":"WebSite","@id":"https:\/\/soleil-marbella.com\/#website","url":"https:\/\/soleil-marbella.com\/","name":"Soleil Marbella","description":"Vivere in modo eccezionale a Marbella","potentialAction":[{"@type":"SearchAction","target":{"@type":"EntryPoint","urlTemplate":"https:\/\/soleil-marbella.com\/?s={search_term_string}"},"query-input":{"@type":"PropertyValueSpecification","valueRequired":true,"valueName":"search_term_string"}}],"inLanguage":"it-IT"},{"@type":"Person","@id":"","url":"https:\/\/soleil-marbella.com\/it\/author\/"}]}},"_links":{"self":[{"href":"https:\/\/soleil-marbella.com\/it\/wp-json\/wp\/v2\/posts\/2876","targetHints":{"allow":["GET"]}}],"collection":[{"href":"https:\/\/soleil-marbella.com\/it\/wp-json\/wp\/v2\/posts"}],"about":[{"href":"https:\/\/soleil-marbella.com\/it\/wp-json\/wp\/v2\/types\/post"}],"author":[{"embeddable":true,"href":"https:\/\/soleil-marbella.com\/it\/wp-json\/wp\/v2\/users\/4"}],"replies":[{"embeddable":true,"href":"https:\/\/soleil-marbella.com\/it\/wp-json\/wp\/v2\/comments?post=2876"}],"version-history":[{"count":3,"href":"https:\/\/soleil-marbella.com\/it\/wp-json\/wp\/v2\/posts\/2876\/revisions"}],"predecessor-version":[{"id":4251,"href":"https:\/\/soleil-marbella.com\/it\/wp-json\/wp\/v2\/posts\/2876\/revisions\/4251"}],"wp:featuredmedia":[{"embeddable":true,"href":"https:\/\/soleil-marbella.com\/it\/wp-json\/wp\/v2\/media\/4252"}],"wp:attachment":[{"href":"https:\/\/soleil-marbella.com\/it\/wp-json\/wp\/v2\/media?parent=2876"}],"wp:term":[{"taxonomy":"category","embeddable":true,"href":"https:\/\/soleil-marbella.com\/it\/wp-json\/wp\/v2\/categories?post=2876"},{"taxonomy":"post_tag","embeddable":true,"href":"https:\/\/soleil-marbella.com\/it\/wp-json\/wp\/v2\/tags?post=2876"}],"curies":[{"name":"wp","href":"https:\/\/api.w.org\/{rel}","templated":true}]}}