{"id":2881,"date":"2016-06-14T15:21:57","date_gmt":"2016-06-14T15:21:57","guid":{"rendered":"http:\/\/nixe-demo1.rtthemes.com\/?p=2881"},"modified":"2025-04-18T09:46:23","modified_gmt":"2025-04-18T09:46:23","slug":"stages-de-peche-a-partir-de-juillet","status":"publish","type":"post","link":"https:\/\/soleil-marbella.com\/fr\/stages-de-peche-a-partir-de-juillet\/","title":{"rendered":"Les Altos des Monteros"},"content":{"rendered":"<p>Le Soleil Marbella est situ\u00e9 \u00e0 Altos de Los Monteros. Il s&#039;agit d&#039;une zone exclusive situ\u00e9e dans les collines verdoyantes de Marbella. En 10 minutes vous \u00eates au centre de Marbella et en 5 minutes vous \u00eates \u00e0 la plage. Le quartier est situ\u00e9 entre des espaces verts prot\u00e9g\u00e9s, de nombreuses possibilit\u00e9s de promenade ou de profiter de la nature. Altos de los Monteros est connu pour sa tranquillit\u00e9, son intimit\u00e9 et sa s\u00e9curit\u00e9.<br><\/p>","protected":false},"excerpt":{"rendered":"<p>Le Soleil Marbella est situ\u00e9 \u00e0 Altos de Los Monteros. Il s&#039;agit d&#039;une zone exclusive situ\u00e9e dans les collines verdoyantes de Marbella. En 10 minutes vous \u00eates au centre de Marbella et en 5 minutes vous \u00eates \u00e0 la plage. Le quartier est situ\u00e9 entre des espaces verts prot\u00e9g\u00e9s, de nombreuses possibilit\u00e9s de promenade ou de profiter de la nature. Altos \u2026 <a class=\"more-link\" href=\"https:\/\/soleil-marbella.com\/fr\/stages-de-peche-a-partir-de-juillet\/\">continuer la lecture<\/a><\/p>","protected":false},"author":4,"featured_media":4242,"comment_status":"closed","ping_status":"open","sticky":false,"template":"","format":"gallery","meta":{"footnotes":""},"categories":[7,8],"tags":[],"class_list":["post-2881","post","type-post","status-publish","format-gallery","has-post-thumbnail","hentry","category-events","category-news","post_format-post-format-gallery"],"yoast_head":"<!-- This site is optimized with the Yoast SEO plugin v26.0 - https:\/\/yoast.com\/wordpress\/plugins\/seo\/ -->\n<title>Altos de los Monteros - Soleil Marbella<\/title>\n<meta name=\"robots\" content=\"index, follow, max-snippet:-1, max-image-preview:large, max-video-preview:-1\" \/>\n<link rel=\"canonical\" href=\"https:\/\/soleil-marbella.com\/fr\/stages-de-peche-a-partir-de-juillet\/\" \/>\n<meta property=\"og:locale\" content=\"fr_FR\" \/>\n<meta property=\"og:type\" content=\"article\" \/>\n<meta property=\"og:title\" content=\"Altos de los Monteros - Soleil Marbella\" \/>\n<meta property=\"og:description\" content=\"Soleil Marbella is gelegen in Altos de Los Monteros. Dit is een exclusieve wijk gelegen in de groene heuvels van Marbella. In 10 minuten bent u in het centrum van Marbella en in 5 minuten bij het strand. De wijk ligt tussen beschermde groene zones, veel mogelijkheden voor wandelen of genieten van de natuur. Altos [&hellip;]\" \/>\n<meta property=\"og:url\" content=\"https:\/\/soleil-marbella.com\/fr\/stages-de-peche-a-partir-de-juillet\/\" \/>\n<meta property=\"og:site_name\" content=\"Soleil Marbella\" \/>\n<meta property=\"article:published_time\" content=\"2016-06-14T15:21:57+00:00\" \/>\n<meta property=\"article:modified_time\" content=\"2025-04-18T09:46:23+00:00\" \/>\n<meta property=\"og:image\" content=\"https:\/\/soleil-marbella.com\/wp-content\/uploads\/sites\/50\/2016\/06\/Altosdelosmonteros.jpg\" \/>\n\t<meta property=\"og:image:width\" content=\"800\" \/>\n\t<meta property=\"og:image:height\" content=\"530\" \/>\n\t<meta property=\"og:image:type\" content=\"image\/jpeg\" \/>\n<meta name=\"twitter:card\" content=\"summary_large_image\" \/>\n<meta name=\"twitter:label1\" content=\"\u00c9crit par\" \/>\n\t<meta name=\"twitter:data1\" content=\"\" \/>\n\t<meta name=\"twitter:label2\" content=\"Dur\u00e9e de lecture estim\u00e9e\" \/>\n\t<meta name=\"twitter:data2\" content=\"1 minute\" \/>\n<script type=\"application\/ld+json\" class=\"yoast-schema-graph\">{\"@context\":\"https:\/\/schema.org\",\"@graph\":[{\"@type\":\"WebPage\",\"@id\":\"https:\/\/soleil-marbella.com\/fishing-courses-starting-in-july\/\",\"url\":\"https:\/\/soleil-marbella.com\/fishing-courses-starting-in-july\/\",\"name\":\"Altos de los Monteros - Soleil Marbella\",\"isPartOf\":{\"@id\":\"https:\/\/soleil-marbella.com\/#website\"},\"primaryImageOfPage\":{\"@id\":\"https:\/\/soleil-marbella.com\/fishing-courses-starting-in-july\/#primaryimage\"},\"image\":{\"@id\":\"https:\/\/soleil-marbella.com\/fishing-courses-starting-in-july\/#primaryimage\"},\"thumbnailUrl\":\"https:\/\/soleil-marbella.com\/wp-content\/uploads\/sites\/50\/2016\/06\/Altosdelosmonteros.jpg\",\"datePublished\":\"2016-06-14T15:21:57+00:00\",\"dateModified\":\"2025-04-18T09:46:23+00:00\",\"author\":{\"@id\":\"\"},\"breadcrumb\":{\"@id\":\"https:\/\/soleil-marbella.com\/fishing-courses-starting-in-july\/#breadcrumb\"},\"inLanguage\":\"fr-FR\",\"potentialAction\":[{\"@type\":\"ReadAction\",\"target\":[\"https:\/\/soleil-marbella.com\/fishing-courses-starting-in-july\/\"]}]},{\"@type\":\"ImageObject\",\"inLanguage\":\"fr-FR\",\"@id\":\"https:\/\/soleil-marbella.com\/fishing-courses-starting-in-july\/#primaryimage\",\"url\":\"https:\/\/soleil-marbella.com\/wp-content\/uploads\/sites\/50\/2016\/06\/Altosdelosmonteros.jpg\",\"contentUrl\":\"https:\/\/soleil-marbella.com\/wp-content\/uploads\/sites\/50\/2016\/06\/Altosdelosmonteros.jpg\",\"width\":800,\"height\":530,\"caption\":\"Altos de los Monteros Marbella\"},{\"@type\":\"BreadcrumbList\",\"@id\":\"https:\/\/soleil-marbella.com\/fishing-courses-starting-in-july\/#breadcrumb\",\"itemListElement\":[{\"@type\":\"ListItem\",\"position\":1,\"name\":\"Home\",\"item\":\"https:\/\/soleil-marbella.com\/\"},{\"@type\":\"ListItem\",\"position\":2,\"name\":\"Altos de los Monteros\"}]},{\"@type\":\"WebSite\",\"@id\":\"https:\/\/soleil-marbella.com\/#website\",\"url\":\"https:\/\/soleil-marbella.com\/\",\"name\":\"Soleil Marbella\",\"description\":\"Uitzonderlijk wonen in Marbella\",\"potentialAction\":[{\"@type\":\"SearchAction\",\"target\":{\"@type\":\"EntryPoint\",\"urlTemplate\":\"https:\/\/soleil-marbella.com\/?s={search_term_string}\"},\"query-input\":{\"@type\":\"PropertyValueSpecification\",\"valueRequired\":true,\"valueName\":\"search_term_string\"}}],\"inLanguage\":\"fr-FR\"},{\"@type\":\"Person\",\"@id\":\"\",\"url\":\"https:\/\/soleil-marbella.com\/fr\/author\/\"}]}<\/script>\n<!-- \/ Yoast SEO plugin. -->","yoast_head_json":{"title":"Altos de los Monteros - Soleil Marbella","robots":{"index":"index","follow":"follow","max-snippet":"max-snippet:-1","max-image-preview":"max-image-preview:large","max-video-preview":"max-video-preview:-1"},"canonical":"https:\/\/soleil-marbella.com\/fr\/stages-de-peche-a-partir-de-juillet\/","og_locale":"fr_FR","og_type":"article","og_title":"Altos de los Monteros - Soleil Marbella","og_description":"Soleil Marbella is gelegen in Altos de Los Monteros. Dit is een exclusieve wijk gelegen in de groene heuvels van Marbella. In 10 minuten bent u in het centrum van Marbella en in 5 minuten bij het strand. De wijk ligt tussen beschermde groene zones, veel mogelijkheden voor wandelen of genieten van de natuur. Altos [&hellip;]","og_url":"https:\/\/soleil-marbella.com\/fr\/stages-de-peche-a-partir-de-juillet\/","og_site_name":"Soleil Marbella","article_published_time":"2016-06-14T15:21:57+00:00","article_modified_time":"2025-04-18T09:46:23+00:00","og_image":[{"width":800,"height":530,"url":"https:\/\/soleil-marbella.com\/wp-content\/uploads\/sites\/50\/2016\/06\/Altosdelosmonteros.jpg","type":"image\/jpeg"}],"twitter_card":"summary_large_image","twitter_misc":{"\u00c9crit par":"","Dur\u00e9e de lecture estim\u00e9e":"1 minute"},"schema":{"@context":"https:\/\/schema.org","@graph":[{"@type":"WebPage","@id":"https:\/\/soleil-marbella.com\/fishing-courses-starting-in-july\/","url":"https:\/\/soleil-marbella.com\/fishing-courses-starting-in-july\/","name":"Altos de los Monteros - Soleil Marbella","isPartOf":{"@id":"https:\/\/soleil-marbella.com\/#website"},"primaryImageOfPage":{"@id":"https:\/\/soleil-marbella.com\/fishing-courses-starting-in-july\/#primaryimage"},"image":{"@id":"https:\/\/soleil-marbella.com\/fishing-courses-starting-in-july\/#primaryimage"},"thumbnailUrl":"https:\/\/soleil-marbella.com\/wp-content\/uploads\/sites\/50\/2016\/06\/Altosdelosmonteros.jpg","datePublished":"2016-06-14T15:21:57+00:00","dateModified":"2025-04-18T09:46:23+00:00","author":{"@id":""},"breadcrumb":{"@id":"https:\/\/soleil-marbella.com\/fishing-courses-starting-in-july\/#breadcrumb"},"inLanguage":"fr-FR","potentialAction":[{"@type":"ReadAction","target":["https:\/\/soleil-marbella.com\/fishing-courses-starting-in-july\/"]}]},{"@type":"ImageObject","inLanguage":"fr-FR","@id":"https:\/\/soleil-marbella.com\/fishing-courses-starting-in-july\/#primaryimage","url":"https:\/\/soleil-marbella.com\/wp-content\/uploads\/sites\/50\/2016\/06\/Altosdelosmonteros.jpg","contentUrl":"https:\/\/soleil-marbella.com\/wp-content\/uploads\/sites\/50\/2016\/06\/Altosdelosmonteros.jpg","width":800,"height":530,"caption":"Altos de los Monteros Marbella"},{"@type":"BreadcrumbList","@id":"https:\/\/soleil-marbella.com\/fishing-courses-starting-in-july\/#breadcrumb","itemListElement":[{"@type":"ListItem","position":1,"name":"Home","item":"https:\/\/soleil-marbella.com\/"},{"@type":"ListItem","position":2,"name":"Altos de los Monteros"}]},{"@type":"WebSite","@id":"https:\/\/soleil-marbella.com\/#website","url":"https:\/\/soleil-marbella.com\/","name":"Soleil Marbella","description":"Une vie exceptionnelle \u00e0 Marbella","potentialAction":[{"@type":"SearchAction","target":{"@type":"EntryPoint","urlTemplate":"https:\/\/soleil-marbella.com\/?s={search_term_string}"},"query-input":{"@type":"PropertyValueSpecification","valueRequired":true,"valueName":"search_term_string"}}],"inLanguage":"fr-FR"},{"@type":"Person","@id":"","url":"https:\/\/soleil-marbella.com\/fr\/author\/"}]}},"_links":{"self":[{"href":"https:\/\/soleil-marbella.com\/fr\/wp-json\/wp\/v2\/posts\/2881","targetHints":{"allow":["GET"]}}],"collection":[{"href":"https:\/\/soleil-marbella.com\/fr\/wp-json\/wp\/v2\/posts"}],"about":[{"href":"https:\/\/soleil-marbella.com\/fr\/wp-json\/wp\/v2\/types\/post"}],"author":[{"embeddable":true,"href":"https:\/\/soleil-marbella.com\/fr\/wp-json\/wp\/v2\/users\/4"}],"replies":[{"embeddable":true,"href":"https:\/\/soleil-marbella.com\/fr\/wp-json\/wp\/v2\/comments?post=2881"}],"version-history":[{"count":6,"href":"https:\/\/soleil-marbella.com\/fr\/wp-json\/wp\/v2\/posts\/2881\/revisions"}],"predecessor-version":[{"id":4248,"href":"https:\/\/soleil-marbella.com\/fr\/wp-json\/wp\/v2\/posts\/2881\/revisions\/4248"}],"wp:featuredmedia":[{"embeddable":true,"href":"https:\/\/soleil-marbella.com\/fr\/wp-json\/wp\/v2\/media\/4242"}],"wp:attachment":[{"href":"https:\/\/soleil-marbella.com\/fr\/wp-json\/wp\/v2\/media?parent=2881"}],"wp:term":[{"taxonomy":"category","embeddable":true,"href":"https:\/\/soleil-marbella.com\/fr\/wp-json\/wp\/v2\/categories?post=2881"},{"taxonomy":"post_tag","embeddable":true,"href":"https:\/\/soleil-marbella.com\/fr\/wp-json\/wp\/v2\/tags?post=2881"}],"curies":[{"name":"wp","href":"https:\/\/api.w.org\/{rel}","templated":true}]}}